{"id":110,"date":"2026-08-28T20:57:34","date_gmt":"2026-08-28T20:57:34","guid":{"rendered":"https:\/\/banto.cc\/revista\/?p=110"},"modified":"2026-08-28T21:12:51","modified_gmt":"2026-08-28T21:12:51","slug":"colecao-da-rennova-care-homenageia-140-anos-de-tarsila-do-amaral-com-edicao-limitada-de-maquiagens","status":"publish","type":"post","link":"https:\/\/banto.cc\/revista\/colecao-da-rennova-care-homenageia-140-anos-de-tarsila-do-amaral-com-edicao-limitada-de-maquiagens\/","title":{"rendered":"Cole\u00e7\u00e3o da Rennova Care homenageia 140 anos de Tarsila do Amaral com edi\u00e7\u00e3o limitada de maquiagens"},"content":{"rendered":"\n<p class=\"wp-block-paragraph\"><strong>Em parceria com a atriz Cl\u00e1udia Raia, marca de cosm\u00e9ticos integra obras ic\u00f4nicas do modernismo brasileiro ao design de embalagens colecion\u00e1veis.<\/strong><\/p>\n\n\n\n<p class=\"wp-block-paragraph\">A marca de dermocosm\u00e9ticos <strong>Rennova Care\u00ae <\/strong>lan\u00e7ou neste m\u00eas de agosto, em <a href=\"https:\/\/banto.cc\/revista\/categoria\/sao-paulo\/\" data-type=\"category\" data-id=\"26\"><strong>S\u00e3o Paulo<\/strong><\/a>, a cole\u00e7\u00e3o de maquiagens &#8220;Rennova Care por Tarsila&#8221;, em homenagem aos 140 anos de nascimento da pintora modernista Tarsila do Amaral. Desenvolvida em colabora\u00e7\u00e3o com a atriz Cl\u00e1udia Raia, a edi\u00e7\u00e3o limitada transforma as embalagens dos produtos em itens de design colecion\u00e1vel. A iniciativa reproduz obras hist\u00f3ricas da artista no exterior das caixas e prop\u00f5e o prolongamento da vida \u00fatil da embalagem, unindo o mercado de beleza \u00e0 difus\u00e3o do patrim\u00f4nio cultural brasileiro.<\/p>\n\n\n\n<p class=\"wp-block-paragraph\">O lan\u00e7amento atua como um desdobramento da parceria da marca com o espet\u00e1culo teatral &#8220;Tarsila, a Brasileira&#8221;, protagonizado por Raia, e reflete uma tend\u00eancia do varejo em associar o design de consumo a experi\u00eancias com maior significado cultural e est\u00e9tico.<\/p>\n\n\n\n<h2 class=\"wp-block-heading\">Obras modernistas integradas ao design e inova\u00e7\u00e3o<\/h2>\n\n\n\n<p class=\"wp-block-paragraph\">A linha \u00e9 composta por itens que trazem estampadas tr\u00eas das principais pinturas de Tarsila do Amaral. O <em>Duo Batom e Contorno Labial<\/em>, desenhado com lapiseira na cor vermelha, faz refer\u00eancia ao quadro &#8220;Autorretrato&#8221;, utilizando a cor como s\u00edmbolo de identidade feminina. O <em>Duo Delineador<\/em> homenageia a obra &#8220;A Lua&#8221;, enquanto o kit completo da cole\u00e7\u00e3o estampa o &#8220;Abaporu&#8221;, tela que \u00e9 o principal s\u00edmbolo do movimento modernista no Brasil.<\/p>\n\n\n\n<p class=\"wp-block-paragraph\">Al\u00e9m da reprodu\u00e7\u00e3o visual, as embalagens cont\u00eam elementos gr\u00e1ficos internos e a c\u00e9lebre frase da pintora: &#8220;quero ser a pintora do meu pa\u00eds&#8221;. Sob o aspecto t\u00e9cnico, a linha tamb\u00e9m apresenta inova\u00e7\u00e3o no design dos produtos, trazendo lapiseiras com pontas rosque\u00e1veis e intercambi\u00e1veis, o que permite aos consumidores combinar batom e delineador labial em diferentes formata\u00e7\u00f5es.<\/p>\n\n\n\n<h2 class=\"wp-block-heading\">A intersec\u00e7\u00e3o entre arte, consumo e beleza<\/h2>\n\n\n\n<p class=\"wp-block-paragraph\">Para a fabricante, o objetivo \u00e9 que o contato com a arte n\u00e3o se encerre no momento do descarte da caixa. \u201cAcreditamos que inova\u00e7\u00e3o tamb\u00e9m \u00e9 criar experi\u00eancias com significado. Esta cole\u00e7\u00e3o une ci\u00eancia, design e patrim\u00f4nio cultural para transformar a embalagem em uma extens\u00e3o da experi\u00eancia de beleza. Queremos que ela continue presente mesmo depois do uso do produto\u201d, afirma Leonardo Rezende, CEO da Rennova\u00ae e Nutriex\u00ae.<\/p>\n\n\n\n<p class=\"wp-block-paragraph\">A atriz Cl\u00e1udia Raia, que vivencia a artista nos palcos e assina a colabora\u00e7\u00e3o, destaca a import\u00e2ncia de transportar a est\u00e9tica modernista para o dia a dia. &#8220;Tarsila criou uma obra profundamente brasileira, cheia de cor, personalidade e liberdade. Quando essa inspira\u00e7\u00e3o sai do palco e encontra outros universos, como o da beleza, ganha novas possibilidades. Acho lindo pensar que podemos carregar um pouco dessa brasilidade e desse olhar t\u00e3o \u00fanico da Tarsila no nosso cotidiano&#8221;, ressalta a atriz.<\/p>\n\n\n\n<h2 class=\"wp-block-heading\">Sobre as empresas<\/h2>\n\n\n\n<p class=\"wp-block-paragraph\">A <strong><a href=\"https:\/\/www.rennovacare.com\/rennova-care\">Rennova\u00ae Care<\/a><\/strong> \u00e9 a divis\u00e3o de dermocosm\u00e9ticos e maquiagens da <strong><a href=\"https:\/\/www.rennovaoficial.com\/\" data-type=\"link\" data-id=\"https:\/\/www.rennovaoficial.com\/\">Rennova<\/a>\u00ae<\/strong>, multinacional brasileira fundada em 2008 e especializada em sa\u00fade, beleza e rejuvenescimento. Com portf\u00f3lio focado em tecnologia propriet\u00e1ria (como o PLLA Complex), a marca busca conectar os tratamentos est\u00e9ticos realizados em cl\u00ednicas \u00e0 rotina de autocuidado di\u00e1rio dos consumidores em casa.<\/p>\n","protected":false},"excerpt":{"rendered":"<p>Em parceria com a atriz Cl\u00e1udia Raia, marca de cosm\u00e9ticos integra obras ic\u00f4nicas do modernismo brasileiro ao design de embalagens colecion\u00e1veis. A marca de dermocosm\u00e9ticos Rennova Care\u00ae lan\u00e7ou neste m\u00eas de agosto, em S\u00e3o Paulo, a cole\u00e7\u00e3o de maquiagens &#8220;Rennova Care por Tarsila&#8221;, em homenagem aos 140 anos de nascimento da pintora modernista Tarsila do [&hellip;]<\/p>\n","protected":false},"author":1,"featured_media":111,"comment_status":"open","ping_status":"open","sticky":false,"template":"","format":"standard","meta":{"footnotes":""},"categories":[9,33,4],"tags":[36,35,37,38],"banto_cidade":[],"class_list":["post-110","post","type-post","status-publish","format-standard","has-post-thumbnail","hentry","category-artes-visuais","category-comunicacao","category-noticias","tag-claudia-raia","tag-design-colecionavel","tag-maquiagem-tarsila-do-amaral","tag-obras-de-tarsila-do-amaral"],"_links":{"self":[{"href":"https:\/\/banto.cc\/revista\/wp-json\/wp\/v2\/posts\/110","targetHints":{"allow":["GET"]}}],"collection":[{"href":"https:\/\/banto.cc\/revista\/wp-json\/wp\/v2\/posts"}],"about":[{"href":"https:\/\/banto.cc\/revista\/wp-json\/wp\/v2\/types\/post"}],"author":[{"embeddable":true,"href":"https:\/\/banto.cc\/revista\/wp-json\/wp\/v2\/users\/1"}],"replies":[{"embeddable":true,"href":"https:\/\/banto.cc\/revista\/wp-json\/wp\/v2\/comments?post=110"}],"version-history":[{"count":1,"href":"https:\/\/banto.cc\/revista\/wp-json\/wp\/v2\/posts\/110\/revisions"}],"predecessor-version":[{"id":112,"href":"https:\/\/banto.cc\/revista\/wp-json\/wp\/v2\/posts\/110\/revisions\/112"}],"wp:featuredmedia":[{"embeddable":true,"href":"https:\/\/banto.cc\/revista\/wp-json\/wp\/v2\/media\/111"}],"wp:attachment":[{"href":"https:\/\/banto.cc\/revista\/wp-json\/wp\/v2\/media?parent=110"}],"wp:term":[{"taxonomy":"category","embeddable":true,"href":"https:\/\/banto.cc\/revista\/wp-json\/wp\/v2\/categories?post=110"},{"taxonomy":"post_tag","embeddable":true,"href":"https:\/\/banto.cc\/revista\/wp-json\/wp\/v2\/tags?post=110"},{"taxonomy":"banto_cidade","embeddable":true,"href":"https:\/\/banto.cc\/revista\/wp-json\/wp\/v2\/banto_cidade?post=110"}],"curies":[{"name":"wp","href":"https:\/\/api.w.org\/{rel}","templated":true}]}}