{"id":113,"date":"2026-08-28T21:10:47","date_gmt":"2026-08-28T21:10:47","guid":{"rendered":"https:\/\/banto.cc\/revista\/?p=113"},"modified":"2026-08-28T21:11:53","modified_gmt":"2026-08-28T21:11:53","slug":"videoclipe-se-festival-abre-inscricoes-para-mostra-nacional-e-fomenta-producao-audiovisual-em-bh","status":"publish","type":"post","link":"https:\/\/banto.cc\/revista\/videoclipe-se-festival-abre-inscricoes-para-mostra-nacional-e-fomenta-producao-audiovisual-em-bh\/","title":{"rendered":"VIDEOCLIPE-SE FESTIVAL abre inscri\u00e7\u00f5es para mostra nacional e fomenta produ\u00e7\u00e3o audiovisual em BH"},"content":{"rendered":"\n<p class=\"wp-block-paragraph\"><strong>At\u00e9 30 de setembro, 4\u00aa edi\u00e7\u00e3o do evento recebe obras de todo o Brasil e promove chamadas para a grava\u00e7\u00e3o gratuita de um videoclipe local, al\u00e9m de oficinas de qualifica\u00e7\u00e3o profissional.<\/strong><\/p>\n\n\n\n<p class=\"wp-block-paragraph\">Est\u00e3o abertas as <strong>inscri\u00e7\u00f5es para o VIDEOCLIPE-SE FESTIVAL<\/strong>, que chega \u00e0 sua quarta edi\u00e7\u00e3o consolidando-se como uma vitrine para a produ\u00e7\u00e3o audiovisual ligada \u00e0 m\u00fasica no Brasil. Produzido em <a href=\"https:\/\/banto.cc\/revista\/cidade\/belo-horizonte\/\" data-type=\"banto_cidade\" data-id=\"2\">Belo Horizonte<\/a> pela <strong>Limonada Audiovisual <\/strong>em coprodu\u00e7\u00e3o com a <strong>Maria Bonita Filmes<\/strong>, o evento recebe cadastros at\u00e9 o dia 30 de setembro de 2026. Al\u00e9m da Mostra Competitiva Nacional, o festival fomenta o mercado independente local oferecendo a produ\u00e7\u00e3o completa de um videoclipe para um artista da capital mineira e duas oficinas de forma\u00e7\u00e3o gratuitas.<\/p>\n\n\n\n<p class=\"wp-block-paragraph\">O evento \u00e9 viabilizado com recursos da <strong>Lei Municipal de Incentivo \u00e0 Cultura de Belo Horizonte<\/strong>, por meio do edital <a href=\"https:\/\/prefeitura.pbh.gov.br\/cultura\/edital-bh-nas-telas-2026\" data-type=\"link\" data-id=\"https:\/\/prefeitura.pbh.gov.br\/cultura\/edital-bh-nas-telas-2026\">BH Nas Telas<\/a>, refor\u00e7ando seu papel como plataforma de exibi\u00e7\u00e3o, experimenta\u00e7\u00e3o e est\u00edmulo \u00e0 cria\u00e7\u00e3o audiovisual.<\/p>\n\n\n\n<figure class=\"wp-block-image size-large\"><img loading=\"lazy\" decoding=\"async\" width=\"1024\" height=\"576\" src=\"https:\/\/banto.cc\/revista\/wp-content\/uploads\/2026\/08\/1-banner-imprensa-1-1024x576.jpg\" alt=\"\" class=\"wp-image-119\" srcset=\"https:\/\/banto.cc\/revista\/wp-content\/uploads\/2026\/08\/1-banner-imprensa-1-1024x576.jpg 1024w, https:\/\/banto.cc\/revista\/wp-content\/uploads\/2026\/08\/1-banner-imprensa-1-300x169.jpg 300w, https:\/\/banto.cc\/revista\/wp-content\/uploads\/2026\/08\/1-banner-imprensa-1-768x432.jpg 768w, https:\/\/banto.cc\/revista\/wp-content\/uploads\/2026\/08\/1-banner-imprensa-1-1536x864.jpg 1536w, https:\/\/banto.cc\/revista\/wp-content\/uploads\/2026\/08\/1-banner-imprensa-1.jpg 1920w\" sizes=\"auto, (max-width: 1024px) 100vw, 1024px\" \/><\/figure>\n\n\n\n<h2 class=\"wp-block-heading\">Mostra Competitiva e Premia\u00e7\u00e3o<\/h2>\n\n\n\n<p class=\"wp-block-paragraph\">O eixo central do evento \u00e9 a Mostra Competitiva de Videoclipes, que selecionar\u00e1 20 obras produzidas a partir de 2020 em qualquer regi\u00e3o do Brasil. Os clipes escolhidos ser\u00e3o disponibilizados para o p\u00fablico na plataforma oficial do festival.<\/p>\n\n\n\n<p class=\"wp-block-paragraph\">Os trabalhos concorrem \u00e0 premia\u00e7\u00e3o em dinheiro e ao trof\u00e9u do evento em quatro categorias distintas: <strong>J\u00fari T\u00e9cnico, J\u00fari Popular, Melhor Videoclipe com Tem\u00e1tica Diversidade e Melhor Performance Art\u00edstica em Videoclipe. <\/strong>A cerim\u00f4nia de entrega dos pr\u00eamios ocorrer\u00e1 durante uma sess\u00e3o especial em uma sala de cinema de Belo Horizonte.<\/p>\n\n\n\n<figure class=\"wp-block-image size-large\"><img loading=\"lazy\" decoding=\"async\" width=\"1024\" height=\"684\" src=\"https:\/\/banto.cc\/revista\/wp-content\/uploads\/2026\/08\/VideoClipe-se-Festival-3-Foto-Giselle-Dietze-1-1024x684.jpg\" alt=\"\" class=\"wp-image-120\" srcset=\"https:\/\/banto.cc\/revista\/wp-content\/uploads\/2026\/08\/VideoClipe-se-Festival-3-Foto-Giselle-Dietze-1-1024x684.jpg 1024w, https:\/\/banto.cc\/revista\/wp-content\/uploads\/2026\/08\/VideoClipe-se-Festival-3-Foto-Giselle-Dietze-1-300x200.jpg 300w, https:\/\/banto.cc\/revista\/wp-content\/uploads\/2026\/08\/VideoClipe-se-Festival-3-Foto-Giselle-Dietze-1-767x512.jpg 767w, https:\/\/banto.cc\/revista\/wp-content\/uploads\/2026\/08\/VideoClipe-se-Festival-3-Foto-Giselle-Dietze-1-1536x1025.jpg 1536w, https:\/\/banto.cc\/revista\/wp-content\/uploads\/2026\/08\/VideoClipe-se-Festival-3-Foto-Giselle-Dietze-1-2048x1367.jpg 2048w\" sizes=\"auto, (max-width: 1024px) 100vw, 1024px\" \/><figcaption class=\"wp-element-caption\">Videoclipe-se Festival &#8211; <em>Giselle Dietze<\/em><\/figcaption><\/figure>\n\n\n\n<h2 class=\"wp-block-heading\">Fomento e grava\u00e7\u00e3o de videoclipe local<\/h2>\n\n\n\n<p class=\"wp-block-paragraph\">Al\u00e9m de exibir produ\u00e7\u00f5es prontas, o festival mant\u00e9m uma frente ativa de incentivo \u00e0 cria\u00e7\u00e3o. Nesta edi\u00e7\u00e3o, foi aberta uma chamada espec\u00edfica destinada \u00e0 produ\u00e7\u00e3o integral de um videoclipe para artistas independentes (solo ou bandas) residentes em <strong>Belo Horizonte e Regi\u00e3o Metropolitana.<\/strong><\/p>\n\n\n\n<p class=\"wp-block-paragraph\">Para concorrer a esse fomento, os interessados devem ter no m\u00e1ximo cinco videoclipes lan\u00e7ados ao longo da carreira e a m\u00fasica escolhida para o novo projeto audiovisual j\u00e1 deve estar previamente gravada.<\/p>\n\n\n\n<figure class=\"wp-block-image size-large\"><img loading=\"lazy\" decoding=\"async\" width=\"1024\" height=\"768\" src=\"https:\/\/banto.cc\/revista\/wp-content\/uploads\/2026\/08\/VideoClipe-se-Festival-2-Foto-Giselle-Dietze-1-1024x768.jpg\" alt=\"\" class=\"wp-image-121\" srcset=\"https:\/\/banto.cc\/revista\/wp-content\/uploads\/2026\/08\/VideoClipe-se-Festival-2-Foto-Giselle-Dietze-1-1024x768.jpg 1024w, https:\/\/banto.cc\/revista\/wp-content\/uploads\/2026\/08\/VideoClipe-se-Festival-2-Foto-Giselle-Dietze-1-300x225.jpg 300w, https:\/\/banto.cc\/revista\/wp-content\/uploads\/2026\/08\/VideoClipe-se-Festival-2-Foto-Giselle-Dietze-1-768x576.jpg 768w, https:\/\/banto.cc\/revista\/wp-content\/uploads\/2026\/08\/VideoClipe-se-Festival-2-Foto-Giselle-Dietze-1-1536x1152.jpg 1536w, https:\/\/banto.cc\/revista\/wp-content\/uploads\/2026\/08\/VideoClipe-se-Festival-2-Foto-Giselle-Dietze-1-600x450.jpg 600w, https:\/\/banto.cc\/revista\/wp-content\/uploads\/2026\/08\/VideoClipe-se-Festival-2-Foto-Giselle-Dietze-1-2048x1536.jpg 2048w\" sizes=\"auto, (max-width: 1024px) 100vw, 1024px\" \/><figcaption class=\"wp-element-caption\">Videoclipe-se Festival &#8211; <em>Giselle Dietze<\/em><\/figcaption><\/figure>\n\n\n\n<h2 class=\"wp-block-heading\">Forma\u00e7\u00e3o para novos profissionais<\/h2>\n\n\n\n<p class=\"wp-block-paragraph\">A quarta edi\u00e7\u00e3o tamb\u00e9m investe na qualifica\u00e7\u00e3o de novos talentos do setor audiovisual. Ser\u00e3o oferecidas duas oficinas pr\u00e1ticas gratuitas com foco em <strong>Produ\u00e7\u00e3o<\/strong> e <strong>Dire\u00e7\u00e3o de Fotografia<\/strong> para videoclipes. As atividades ocorrer\u00e3o na sede da Limonada Audiovisual, na capital mineira, com a oferta total de 30 vagas, divididas em duas turmas.<\/p>\n\n\n\n<p class=\"wp-block-paragraph\">Desde sua cria\u00e7\u00e3o, em 2023, o VIDEOCLIPE-SE FESTIVAL j\u00e1 exibiu mais de <strong>70 videoclipes <\/strong>\u2014 grande parte deles em sess\u00f5es no tradicional Cine Humberto Mauro \u2014, produziu cinco obras para artistas independentes da capital e capacitou mais de 200 pessoas atrav\u00e9s de masterclasses e oficinas.<\/p>\n\n\n\n<h3 class=\"wp-block-heading\">Servi\u00e7o<\/h3>\n\n\n\n<p class=\"wp-block-paragraph\"><strong>4\u00ba VIDEOCLIPE-SE FESTIVAL<\/strong><\/p>\n\n\n\n<p class=\"wp-block-paragraph\"><strong>Mostra Competitiva de Videoclipes<\/strong><\/p>\n\n\n\n<ul class=\"wp-block-list\">\n<li><strong>Inscri\u00e7\u00f5es:<\/strong> At\u00e9 30 de setembro de 2026.<\/li>\n\n\n\n<li><strong>Quem pode participar:<\/strong> Artistas de todo o Brasil com videoclipes produzidos a partir de 2020.<\/li>\n\n\n\n<li><strong>Formato:<\/strong> Sele\u00e7\u00e3o de 20 videoclipes para exibi\u00e7\u00e3o online e premia\u00e7\u00e3o em quatro categorias.<\/li>\n<\/ul>\n\n\n\n<p class=\"wp-block-paragraph\"><strong>Chamada para Produ\u00e7\u00e3o de Videoclipe<\/strong><\/p>\n\n\n\n<ul class=\"wp-block-list\">\n<li><strong>P\u00fablico-alvo:<\/strong> Artistas ou bandas independentes de Belo Horizonte e Regi\u00e3o Metropolitana.<\/li>\n\n\n\n<li><strong>Requisitos:<\/strong> Ter at\u00e9 cinco videoclipes lan\u00e7ados na carreira e possuir a m\u00fasica do projeto j\u00e1 gravada.<\/li>\n<\/ul>\n\n\n\n<p class=\"wp-block-paragraph\"><strong>Oficinas de Forma\u00e7\u00e3o<\/strong><\/p>\n\n\n\n<ul class=\"wp-block-list\">\n<li><strong>Temas:<\/strong> Produ\u00e7\u00e3o e Dire\u00e7\u00e3o de Fotografia para videoclipes.<\/li>\n\n\n\n<li><strong>Vagas:<\/strong> 30 vagas (duas turmas).<\/li>\n\n\n\n<li><strong>Local:<\/strong> Sede da Limonada Audiovisual (Belo Horizonte).<\/li>\n<\/ul>\n\n\n\n<p class=\"wp-block-paragraph\"><strong>Onde se inscrever<\/strong>: <a href=\"https:\/\/videoclipesefestival.com.br\/\">videoclipefestival.com.br<\/a><\/p>\n\n\n\n<p class=\"wp-block-paragraph\"> <strong>Mais informa\u00e7\u00f5es:<\/strong> <a href=\"https:\/\/www.instagram.com\/videoclipesefestival\/?utm_source=chatgpt.com\" data-type=\"link\" data-id=\"https:\/\/www.instagram.com\/videoclipesefestival\/?utm_source=chatgpt.com\">@videoclipesefestival<\/a><\/p>\n","protected":false},"excerpt":{"rendered":"<p>At\u00e9 30 de setembro, 4\u00aa edi\u00e7\u00e3o do evento recebe obras de todo o Brasil e promove chamadas para a grava\u00e7\u00e3o gratuita de um videoclipe local, al\u00e9m de oficinas de qualifica\u00e7\u00e3o profissional. Est\u00e3o abertas as inscri\u00e7\u00f5es para o VIDEOCLIPE-SE FESTIVAL, que chega \u00e0 sua quarta edi\u00e7\u00e3o consolidando-se como uma vitrine para a produ\u00e7\u00e3o audiovisual ligada \u00e0 [&hellip;]<\/p>\n","protected":false},"author":1,"featured_media":114,"comment_status":"open","ping_status":"open","sticky":false,"template":"","format":"standard","meta":{"footnotes":""},"categories":[12,40,4,39],"tags":[43,44,41,45,42],"banto_cidade":[],"class_list":["post-113","post","type-post","status-publish","format-standard","has-post-thumbnail","hentry","category-belo-horizonte","category-mostra","category-noticias","category-video","tag-festival-de-videoclipes-brasil","tag-limonada-audiovisual","tag-mostra-competitiva-de-videoclipes","tag-oficinas-de-audiovisual-gratuitas","tag-producao-audiovisual-bh"],"_links":{"self":[{"href":"https:\/\/banto.cc\/revista\/wp-json\/wp\/v2\/posts\/113","targetHints":{"allow":["GET"]}}],"collection":[{"href":"https:\/\/banto.cc\/revista\/wp-json\/wp\/v2\/posts"}],"about":[{"href":"https:\/\/banto.cc\/revista\/wp-json\/wp\/v2\/types\/post"}],"author":[{"embeddable":true,"href":"https:\/\/banto.cc\/revista\/wp-json\/wp\/v2\/users\/1"}],"replies":[{"embeddable":true,"href":"https:\/\/banto.cc\/revista\/wp-json\/wp\/v2\/comments?post=113"}],"version-history":[{"count":3,"href":"https:\/\/banto.cc\/revista\/wp-json\/wp\/v2\/posts\/113\/revisions"}],"predecessor-version":[{"id":123,"href":"https:\/\/banto.cc\/revista\/wp-json\/wp\/v2\/posts\/113\/revisions\/123"}],"wp:featuredmedia":[{"embeddable":true,"href":"https:\/\/banto.cc\/revista\/wp-json\/wp\/v2\/media\/114"}],"wp:attachment":[{"href":"https:\/\/banto.cc\/revista\/wp-json\/wp\/v2\/media?parent=113"}],"wp:term":[{"taxonomy":"category","embeddable":true,"href":"https:\/\/banto.cc\/revista\/wp-json\/wp\/v2\/categories?post=113"},{"taxonomy":"post_tag","embeddable":true,"href":"https:\/\/banto.cc\/revista\/wp-json\/wp\/v2\/tags?post=113"},{"taxonomy":"banto_cidade","embeddable":true,"href":"https:\/\/banto.cc\/revista\/wp-json\/wp\/v2\/banto_cidade?post=113"}],"curies":[{"name":"wp","href":"https:\/\/api.w.org\/{rel}","templated":true}]}}