{"id":126,"date":"2026-08-28T21:43:58","date_gmt":"2026-08-28T21:43:58","guid":{"rendered":"https:\/\/banto.cc\/revista\/?p=126"},"modified":"2026-08-28T21:44:24","modified_gmt":"2026-08-28T21:44:24","slug":"sp-arte-rotas-2026-foca-na-arte-fora-do-eixo-e-expande-presenca-latino-americana-na-arca","status":"publish","type":"post","link":"https:\/\/banto.cc\/revista\/sp-arte-rotas-2026-foca-na-arte-fora-do-eixo-e-expande-presenca-latino-americana-na-arca\/","title":{"rendered":"SP-Arte Rotas 2026 foca na arte fora do eixo e expande presen\u00e7a latino-americana na ARCA"},"content":{"rendered":"\n<p class=\"wp-block-paragraph\"><strong>A 5\u00aa edi\u00e7\u00e3o do evento, em cartaz at\u00e9 30 de agosto em S\u00e3o Paulo, re\u00fane 70 galerias e projetos in\u00e9ditos que mapeiam a produ\u00e7\u00e3o regional brasileira e a arte de pa\u00edses vizinhos sob a dire\u00e7\u00e3o do curador Bernardo Mosqueira.<\/strong><\/p>\n\n\n\n<p class=\"wp-block-paragraph\">A <strong>SP-Arte Rotas<\/strong> chega \u00e0 sua<strong> 5\u00aa edi\u00e7\u00e3o<\/strong> ocupando o pavilh\u00e3o da <strong>ARCA<\/strong>, em <a href=\"https:\/\/banto.cc\/revista\/categoria\/sao-paulo\/\" data-type=\"category\" data-id=\"26\">S\u00e3o Paulo<\/a>, entre os dias <strong>26 e 30 de agosto de 2026. <\/strong>Reunindo <strong>70 expositores, entre galerias, museus e projetos convidados,<\/strong> o evento consolida seu prop\u00f3sito de descentralizar o olhar sobre a arte no Brasil, priorizando artistas e movimentos situados fora do tradicional eixo Rio-S\u00e3o Paulo. A edi\u00e7\u00e3o atual tamb\u00e9m marca o aprofundamento das rela\u00e7\u00f5es comerciais e culturais com a <strong>Am\u00e9rica Latina<\/strong>, abrigando uma forte presen\u00e7a internacional sob a nova dire\u00e7\u00e3o art\u00edstica do pesquisador e curador <strong>Bernardo Mosqueira<\/strong>.<\/p>\n\n\n\n<p class=\"wp-block-paragraph\">O diferencial do formato &#8220;Rotas&#8221; \u00e9 a exig\u00eancia de que cada estande apresente um projeto curatorial in\u00e9dito e pensado especificamente para a feira. A estrat\u00e9gia permite dar visibilidade a nomes que despontam na cena regional ou que operam nas margens do circuito hegem\u00f4nico.<\/p>\n\n\n\n<figure class=\"wp-block-image size-full is-resized\"><img loading=\"lazy\" decoding=\"async\" width=\"640\" height=\"427\" src=\"https:\/\/banto.cc\/revista\/wp-content\/uploads\/2026\/08\/55197673438_a3e7dcc0ae_z.jpg\" alt=\"\" class=\"wp-image-128\" style=\"width:824px;height:auto\" srcset=\"https:\/\/banto.cc\/revista\/wp-content\/uploads\/2026\/08\/55197673438_a3e7dcc0ae_z.jpg 640w, https:\/\/banto.cc\/revista\/wp-content\/uploads\/2026\/08\/55197673438_a3e7dcc0ae_z-300x200.jpg 300w\" sizes=\"auto, (max-width: 640px) 100vw, 640px\" \/><\/figure>\n\n\n\n<h3 class=\"wp-block-heading\">Expans\u00e3o territorial e diversidade de galerias<\/h3>\n\n\n\n<p class=\"wp-block-paragraph\">Dando continuidade ao movimento iniciado em 2025, o evento estreita fronteiras com galerias latino-americanas. Participam desta edi\u00e7\u00e3o casas do <strong>Uruguai (Sur), Argentina (Barro, Isla Flotante e W-galer\u00eda) e Col\u00f4mbia (Casa Zirio), al\u00e9m da italiana Orma.<\/strong><\/p>\n\n\n\n<p class=\"wp-block-paragraph\">No cen\u00e1rio interno, a feira promove o encontro entre galerias de trajet\u00f3ria hist\u00f3rica consolidada \u2014 como<strong> Almeida &amp; Dale, Gomide&amp;Co e Vermelho \u2014 e representantes de diferentes regi\u00f5es do pa\u00eds. Est\u00e3o presentes a Lima (S\u00e3o Lu\u00eds, MA), Karandash (Alagoas), Cave e Leonardo Leal (Cear\u00e1), Marco Zero (Pernambuco), Paulo Darz\u00e9 e Midlej (Bahia), al\u00e9m da Cerrado e Karla Os\u00f3rio (Centro-Oeste).<\/strong> O evento tamb\u00e9m marca a estreia de 13 espa\u00e7os, incluindo nomes de peso como Casa Tri\u00e2ngulo, e iniciativas independentes como Apartamento 61, Gruta e Ocup\u00e1.<\/p>\n\n\n\n<figure class=\"wp-block-image size-large\"><img loading=\"lazy\" decoding=\"async\" width=\"1024\" height=\"686\" src=\"https:\/\/banto.cc\/revista\/wp-content\/uploads\/2026\/08\/55197520616_27cfa10aa5_h-1024x686.jpg\" alt=\"\" class=\"wp-image-129\" srcset=\"https:\/\/banto.cc\/revista\/wp-content\/uploads\/2026\/08\/55197520616_27cfa10aa5_h-1024x686.jpg 1024w, https:\/\/banto.cc\/revista\/wp-content\/uploads\/2026\/08\/55197520616_27cfa10aa5_h-300x201.jpg 300w, https:\/\/banto.cc\/revista\/wp-content\/uploads\/2026\/08\/55197520616_27cfa10aa5_h-767x514.jpg 767w, https:\/\/banto.cc\/revista\/wp-content\/uploads\/2026\/08\/55197520616_27cfa10aa5_h-1536x1029.jpg 1536w, https:\/\/banto.cc\/revista\/wp-content\/uploads\/2026\/08\/55197520616_27cfa10aa5_h.jpg 1600w\" sizes=\"auto, (max-width: 1024px) 100vw, 1024px\" \/><\/figure>\n\n\n\n<h3 class=\"wp-block-heading\">Protagonismo ind\u00edgena, perif\u00e9rico e institucional<\/h3>\n\n\n\n<p class=\"wp-block-paragraph\">A abertura de espa\u00e7o para projetos especiais independentes \u00e9 uma das marcas da feira. O p\u00fablico pode conferir trabalhos do <strong>Sert\u00e3o Negro<\/strong>, ateli\u00ea-escola idealizado pelo artista Dalton Paula em Goi\u00e2nia, que celebra cinco anos. A aproxima\u00e7\u00e3o com os territ\u00f3rios perif\u00e9ricos fluminenses \u00e9 conduzida pela <strong>Galeria Ocup\u00e1<\/strong>, enquanto a produ\u00e7\u00e3o dos povos origin\u00e1rios ganha protagonismo no estande da <strong>Galeria Jaider Esbell de Arte Ind\u00edgena Contempor\u00e2nea<\/strong>, coletivo de Boa Vista (RR).<\/p>\n\n\n\n<p class=\"wp-block-paragraph\">A institui\u00e7\u00e3o paulistana <strong>Casa do Povo<\/strong> tamb\u00e9m marca presen\u00e7a exibindo um conjunto de pinturas de artistas da etnia Maxakali, desenvolvidas na<strong> Aldeia-Escola-Floresta<\/strong>, um projeto localizado em Te\u00f3filo Otoni (MG).<\/p>\n\n\n<div class=\"wp-block-image\">\n<figure class=\"aligncenter size-full is-resized\"><img loading=\"lazy\" decoding=\"async\" width=\"639\" height=\"471\" src=\"https:\/\/banto.cc\/revista\/wp-content\/uploads\/2026\/08\/55197671123_c772424f8b_z.jpg\" alt=\"\" class=\"wp-image-131\" style=\"width:794px;height:auto\" srcset=\"https:\/\/banto.cc\/revista\/wp-content\/uploads\/2026\/08\/55197671123_c772424f8b_z.jpg 639w, https:\/\/banto.cc\/revista\/wp-content\/uploads\/2026\/08\/55197671123_c772424f8b_z-300x221.jpg 300w\" sizes=\"auto, (max-width: 639px) 100vw, 639px\" \/><\/figure>\n<\/div>\n\n\n<h3 class=\"wp-block-heading\">Dire\u00e7\u00e3o art\u00edstica e o Setor Mirante<\/h3>\n\n\n\n<p class=\"wp-block-paragraph\">Reconhecido internacionalmente e radicado em Nova York, o diretor art\u00edstico Bernardo Mosqueira imprime sua pesquisa no setor central da feira, o <strong>Mirante<\/strong>. O espa\u00e7o toma como ponto de partida o conceito de &#8220;paisagem expandida&#8221;, articulando trabalhos onde mem\u00f3ria, ecologia, pol\u00edtica, hist\u00f3ria e espiritualidade se cruzam para refletir os modos de viver na Am\u00e9rica Latina.<\/p>\n\n\n\n<p class=\"wp-block-paragraph\">Essa linha curatorial transborda para os estandes das galerias. A W-galer\u00eda (Argentina\/Uruguai), por exemplo, aproxima saberes t\u00eaxteis do Paraguai \u00e0 cosmovis\u00e3o andina. A Leme dedica seu espa\u00e7o aos conhecimentos ind\u00edgenas latino-americanos, enquanto a Marilia Razuk articula territ\u00f3rio e natureza. A feira ainda reserva espa\u00e7o para exposi\u00e7\u00f5es individuais (solos) de relev\u00e2ncia, com destaque para Arcangelo Ianelli (Frente + James Lisboa) e o mestre da arte popular Antonio Poteiro (Errol Flynn).<\/p>\n\n\n\n<h3 class=\"wp-block-heading\">Conversas e encontros no Palco SP-Arte<\/h3>\n\n\n\n<p class=\"wp-block-paragraph\">Como parte da programa\u00e7\u00e3o educativa, o <strong>Palco SP-Arte<\/strong> promove at\u00e9 o dia 29 de agosto (s\u00e1bado) uma s\u00e9rie de bate-papos gratuitos. Com curadoria de Tamara Perlman, a agenda re\u00fane artistas, colecionadores e agentes do setor, incluindo nomes consagrados como Ayrson Her\u00e1clito, Carmela Gross e a curadora J\u00falia Rebou\u00e7as.<\/p>\n\n\n\n<h3 class=\"wp-block-heading\">Servi\u00e7o<\/h3>\n\n\n\n<p class=\"wp-block-paragraph\"><strong>5\u00aa SP-Arte Rotas (2026)<\/strong><\/p>\n\n\n\n<ul class=\"wp-block-list\">\n<li><strong>Data:<\/strong> 26 a 30 de agosto de 2026.<\/li>\n\n\n\n<li><strong>Local:<\/strong> ARCA.<\/li>\n\n\n\n<li><strong>Endere\u00e7o:<\/strong> Av. Manuel Bandeira, 360 \u2013 Vila Leopoldina, S\u00e3o Paulo\/SP.<\/li>\n\n\n\n<li><strong>Ingressos e programa\u00e7\u00e3o completa:<\/strong> Dispon\u00edveis no aplicativo oficial do evento (SP-Arte) e no site [<a href=\"https:\/\/www.google.com\/search?q=https%3A%2F%2Fsp-arte.com%2Fexpositores-rotas\" target=\"_blank\" rel=\"noopener\">sp-arte.com\/expositores-rotas<\/a>].<\/li>\n\n\n\n<li><strong>Palco SP-Arte:<\/strong> Bate-papos abertos ao p\u00fablico de 27 a 29 de agosto (sujeito \u00e0 lota\u00e7\u00e3o do espa\u00e7o).<\/li>\n<\/ul>\n","protected":false},"excerpt":{"rendered":"<p>A 5\u00aa edi\u00e7\u00e3o do evento, em cartaz at\u00e9 30 de agosto em S\u00e3o Paulo, re\u00fane 70 galerias e projetos in\u00e9ditos que mapeiam a produ\u00e7\u00e3o regional brasileira e a arte de pa\u00edses vizinhos sob a dire\u00e7\u00e3o do curador Bernardo Mosqueira. A SP-Arte Rotas chega \u00e0 sua 5\u00aa edi\u00e7\u00e3o ocupando o pavilh\u00e3o da ARCA, em S\u00e3o Paulo, [&hellip;]<\/p>\n","protected":false},"author":1,"featured_media":127,"comment_status":"open","ping_status":"open","sticky":false,"template":"","format":"standard","meta":{"footnotes":""},"categories":[9,10,4,26],"tags":[49,50,47,46,48],"banto_cidade":[3],"class_list":["post-126","post","type-post","status-publish","format-standard","has-post-thumbnail","hentry","category-artes-visuais","category-exposicao","category-noticias","category-sao-paulo","tag-arte-fora-do-eixo","tag-arte-indigena-contemporanea","tag-bernardo-mosqueira","tag-feira-de-arte-arca-sao-paulo","tag-galerias-latino-americanas","banto_cidade-sao-paulo"],"_links":{"self":[{"href":"https:\/\/banto.cc\/revista\/wp-json\/wp\/v2\/posts\/126","targetHints":{"allow":["GET"]}}],"collection":[{"href":"https:\/\/banto.cc\/revista\/wp-json\/wp\/v2\/posts"}],"about":[{"href":"https:\/\/banto.cc\/revista\/wp-json\/wp\/v2\/types\/post"}],"author":[{"embeddable":true,"href":"https:\/\/banto.cc\/revista\/wp-json\/wp\/v2\/users\/1"}],"replies":[{"embeddable":true,"href":"https:\/\/banto.cc\/revista\/wp-json\/wp\/v2\/comments?post=126"}],"version-history":[{"count":2,"href":"https:\/\/banto.cc\/revista\/wp-json\/wp\/v2\/posts\/126\/revisions"}],"predecessor-version":[{"id":133,"href":"https:\/\/banto.cc\/revista\/wp-json\/wp\/v2\/posts\/126\/revisions\/133"}],"wp:featuredmedia":[{"embeddable":true,"href":"https:\/\/banto.cc\/revista\/wp-json\/wp\/v2\/media\/127"}],"wp:attachment":[{"href":"https:\/\/banto.cc\/revista\/wp-json\/wp\/v2\/media?parent=126"}],"wp:term":[{"taxonomy":"category","embeddable":true,"href":"https:\/\/banto.cc\/revista\/wp-json\/wp\/v2\/categories?post=126"},{"taxonomy":"post_tag","embeddable":true,"href":"https:\/\/banto.cc\/revista\/wp-json\/wp\/v2\/tags?post=126"},{"taxonomy":"banto_cidade","embeddable":true,"href":"https:\/\/banto.cc\/revista\/wp-json\/wp\/v2\/banto_cidade?post=126"}],"curies":[{"name":"wp","href":"https:\/\/api.w.org\/{rel}","templated":true}]}}