{"id":94,"date":"2026-08-28T17:32:07","date_gmt":"2026-08-28T17:32:07","guid":{"rendered":"https:\/\/banto.cc\/revista\/?p=94"},"modified":"2026-08-28T21:13:01","modified_gmt":"2026-08-28T21:13:01","slug":"festa-masp-2026-celebra-a-america-latina-com-show-inedito-da-cantora-colombiana-aria-vega","status":"publish","type":"post","link":"https:\/\/banto.cc\/revista\/festa-masp-2026-celebra-a-america-latina-com-show-inedito-da-cantora-colombiana-aria-vega\/","title":{"rendered":"Festa MASP 2026 celebra a Am\u00e9rica Latina com show in\u00e9dito da cantora colombiana Aria Vega"},"content":{"rendered":"\n<p class=\"wp-block-paragraph\">O <a href=\"http:\/\/masp.com.br\/pt-br\" data-type=\"link\" data-id=\"http:\/\/masp.com.br\/pt-br\"><strong>Museu de Arte de S\u00e3o Paulo Assis Chateaubriand (MASP)<\/strong><\/a> realiza no dia 7 de outubro a <strong>Festa MASP 2026<\/strong>, evento beneficente que visa arrecadar fundos para a manuten\u00e7\u00e3o de sua programa\u00e7\u00e3o anual. Em sua 12\u00aa edi\u00e7\u00e3o, a noite de gala tem como foco celebrar a<strong> cultura da Am\u00e9rica Latina <\/strong>e ser\u00e1 marcada pela primeira apresenta\u00e7\u00e3o no Brasil da cantora e compositora colombiana<a href=\"https:\/\/www.instagram.com\/ariavegamusic\/\"><strong> Aria Vega<\/strong><\/a>, atra\u00e7\u00e3o principal do evento. A celebra\u00e7\u00e3o, que conta pelo segundo ano consecutivo com o patroc\u00ednio principal da grife Gucci, ocorrer\u00e1 no edif\u00edcio-sede do museu e reunir\u00e1 filantropos, artistas e colecionadores da cena cultural.<\/p>\n\n\n\n<h2 class=\"wp-block-heading\">Atra\u00e7\u00e3o internacional e ritmos regionais<\/h2>\n\n\n\n<p class=\"wp-block-paragraph\">A grande novidade da programa\u00e7\u00e3o musical da<strong> Festa MASP 2026<\/strong> \u00e9 a estreia de Aria Vega nos palcos brasileiros. Natural de Barranquilla, na <strong>Col\u00f4mbia<\/strong>, a artista mescla as ra\u00edzes<strong> afro-caribenhas<\/strong> de seu pa\u00eds com vertentes contempor\u00e2neas, incluindo m\u00fasica urbana, <em>afrobeats<\/em> e pop. Em 2026, Vega ganhou destaque na ind\u00fastria ao ser apontada pela publica\u00e7\u00e3o <strong>Billboard Latin <\/strong>como um dos principais nomes em ascens\u00e3o no cen\u00e1rio musical latino-americano.<\/p>\n\n\n<div class=\"wp-block-image\">\n<figure class=\"aligncenter size-large\"><img loading=\"lazy\" decoding=\"async\" width=\"683\" height=\"1024\" src=\"https:\/\/banto.cc\/revista\/wp-content\/uploads\/2026\/08\/Aria-Vega.-Foto_-Teograph-683x1024.jpg\" alt=\"\" class=\"wp-image-97\" srcset=\"https:\/\/banto.cc\/revista\/wp-content\/uploads\/2026\/08\/Aria-Vega.-Foto_-Teograph-683x1024.jpg 683w, https:\/\/banto.cc\/revista\/wp-content\/uploads\/2026\/08\/Aria-Vega.-Foto_-Teograph-200x300.jpg 200w, https:\/\/banto.cc\/revista\/wp-content\/uploads\/2026\/08\/Aria-Vega.-Foto_-Teograph-768x1152.jpg 768w, https:\/\/banto.cc\/revista\/wp-content\/uploads\/2026\/08\/Aria-Vega.-Foto_-Teograph-1024x1536.jpg 1024w, https:\/\/banto.cc\/revista\/wp-content\/uploads\/2026\/08\/Aria-Vega.-Foto_-Teograph-1365x2048.jpg 1365w, https:\/\/banto.cc\/revista\/wp-content\/uploads\/2026\/08\/Aria-Vega.-Foto_-Teograph-scaled.jpg 1707w\" sizes=\"auto, (max-width: 683px) 100vw, 683px\" \/><\/figure>\n<\/div>\n\n\n<p class=\"wp-block-paragraph\">Para compor a noite, a curadoria musical escalou atra\u00e7\u00f5es que representam a diversidade sonora do continente. A abertura ficar\u00e1 sob a responsabilidade da banda <strong>Quimbar\u00e1<\/strong>, expoente da m\u00fasica latina em <a href=\"https:\/\/banto.cc\/revista\/cidade\/sao-paulo\/\" data-type=\"banto_cidade\" data-id=\"3\">S\u00e3o Paulo<\/a>, criada em 2015 por m\u00fasicos brasileiros e cubanos. O grupo apresentar\u00e1 cl\u00e1ssicos do Buena Vista Social Club e ritmos como cumbia e salsa. O encerramento, focado na pista de dan\u00e7a, ser\u00e1 conduzido pelo coletivo paulistano Do M\u00e9xico para Baixo, conhecido tradicionalmente como bloco de carnaval, que far\u00e1 uma mescla de ritmos latinos e pop brasileiro.<\/p>\n\n\n\n<h2 class=\"wp-block-heading\">Alinhamento curatorial e sustentabilidade institucional<\/h2>\n\n\n\n<p class=\"wp-block-paragraph\">O tema do evento beneficente n\u00e3o foi escolhido ao acaso: ele dialoga diretamente com o ciclo tem\u00e1tico do museu para este ano, intitulado &#8220;Hist\u00f3rias latino-americanas no MASP&#8221;<sup><\/sup>. A festa funciona como uma extens\u00e3o das galerias, conectando o eixo curatorial \u00e0 capta\u00e7\u00e3o de recursos necess\u00e1rios para viabilizar as exposi\u00e7\u00f5es, cursos e atividades do centro cultural.<\/p>\n\n\n\n<p class=\"wp-block-paragraph\">Para Paulo Vicelli, diretor de Experi\u00eancia e Comunica\u00e7\u00e3o do MASP, a sinergia entre a celebra\u00e7\u00e3o e a programa\u00e7\u00e3o do museu \u00e9 fundamental. <\/p>\n\n\n\n<blockquote class=\"wp-block-quote is-layout-flow wp-block-quote-is-layout-flow\">\n<p class=\"wp-block-paragraph\"><em>&#8220;A Festa MASP deste ano traz o calor e a diversidade da Am\u00e9rica Latina para a celebra\u00e7\u00e3o, em sintonia com o ano curatorial Hist\u00f3rias latino-americanas no MASP&#8221;, afirma Vicelli. Ele tamb\u00e9m refor\u00e7a o car\u00e1ter estrat\u00e9gico do encontro: &#8220;\u00c9 um momento muito especial para a institui\u00e7\u00e3o, quando reunimos nossos apoiadores, parceiros e a comunidade art\u00edstica para celebrar o MASP e, ao mesmo tempo, contribuir para a continuidade de seu trabalho e de sua programa\u00e7\u00e3o&#8221;.<\/em><\/p>\n<\/blockquote>\n\n\n\n<figure class=\"wp-block-video\"><video height=\"1024\" style=\"aspect-ratio: 576 \/ 1024;\" width=\"576\" controls src=\"https:\/\/banto.cc\/revista\/wp-content\/uploads\/2026\/08\/Video_Apresentacao-Festa-MASP-2026.mp4\"><\/video><\/figure>\n\n\n\n<h2 class=\"wp-block-heading\">Gastronomia e estrutura do evento<\/h2>\n\n\n\n<p class=\"wp-block-paragraph\">Para acomodar os participantes, o evento foi estruturado em dois momentos distintos no 2\u00ba subsolo do Edif\u00edcio Lina Bo Bardi<sup><\/sup>. A noite come\u00e7a \u00e0s 19h com um coquetel e jantar servido para 450 pessoas, assinado pela Zest Cozinha Criativa, cujo card\u00e1pio trar\u00e1 inspira\u00e7\u00f5es nas comidas t\u00edpicas de pa\u00edses latinos, incluindo o Brasil<sup><\/sup>.<\/p>\n\n\n\n<p class=\"wp-block-paragraph\">A partir das 22h, o evento entra em sua segunda fase com a abertura da pista de dan\u00e7a, recebendo mais 450 convidados que adquiriram ingressos especificamente para os shows<sup><\/sup>. A produ\u00e7\u00e3o da 12\u00aa edi\u00e7\u00e3o \u00e9 assinada por Jacimar Silva, com ambienta\u00e7\u00e3o do florista Conrado Pedroso, da Amorphophallus, e apoio das marcas Stella Artois e Perrier Jou\u00ebt<sup><\/sup>.<\/p>\n\n\n\n<h2 class=\"wp-block-heading\">Servi\u00e7o<\/h2>\n\n\n\n<ul class=\"wp-block-list\">\n<li><strong>O qu\u00ea:<\/strong> Festa MASP 2026<\/li>\n\n\n\n<li><strong>Quando:<\/strong> Quarta-feira, 7 de outubro de 2026<\/li>\n\n\n\n<li><strong>Hor\u00e1rios:<\/strong> Coquetel \u00e0s 19h; Jantar \u00e0s 20h30; Abertura da pista de dan\u00e7a \u00e0s 22h<\/li>\n\n\n\n<li><strong>Onde:<\/strong> 2\u00ba subsolo do Edif\u00edcio Lina Bo Bardi, MASP (Entrada pela Rua Carlos Comenale)<\/li>\n\n\n\n<li><strong>Ingressos:<\/strong>\n<ul class=\"wp-block-list\">\n<li>Mesas (10 lugares): a partir de R$ 65 mil<\/li>\n\n\n\n<li>Jantar individual: R$ 6.500<\/li>\n\n\n\n<li>Pista individual: R$ 1.000<\/li>\n<\/ul>\n<\/li>\n\n\n\n<li><strong>Onde comprar:<\/strong> Dispon\u00edveis no site oficial da institui\u00e7\u00e3o (masp.com.br)<\/li>\n<\/ul>\n","protected":false},"excerpt":{"rendered":"<p>O Museu de Arte de S\u00e3o Paulo Assis Chateaubriand (MASP) realiza no dia 7 de outubro a Festa MASP 2026, evento beneficente que visa arrecadar fundos para a manuten\u00e7\u00e3o de sua programa\u00e7\u00e3o anual. Em sua 12\u00aa edi\u00e7\u00e3o, a noite de gala tem como foco celebrar a cultura da Am\u00e9rica Latina e ser\u00e1 marcada pela primeira [&hellip;]<\/p>\n","protected":false},"author":1,"featured_media":96,"comment_status":"open","ping_status":"open","sticky":false,"template":"","format":"standard","meta":{"footnotes":""},"categories":[9,11,4,26],"tags":[23,25,22,24],"banto_cidade":[3],"class_list":["post-94","post","type-post","status-publish","format-standard","has-post-thumbnail","hentry","category-artes-visuais","category-eventos","category-noticias","category-sao-paulo","tag-aria-vega-no-brasil","tag-cultura-em-sao-paulo","tag-evento-beneficente-masp","tag-historias-latino-americanas","banto_cidade-sao-paulo"],"_links":{"self":[{"href":"https:\/\/banto.cc\/revista\/wp-json\/wp\/v2\/posts\/94","targetHints":{"allow":["GET"]}}],"collection":[{"href":"https:\/\/banto.cc\/revista\/wp-json\/wp\/v2\/posts"}],"about":[{"href":"https:\/\/banto.cc\/revista\/wp-json\/wp\/v2\/types\/post"}],"author":[{"embeddable":true,"href":"https:\/\/banto.cc\/revista\/wp-json\/wp\/v2\/users\/1"}],"replies":[{"embeddable":true,"href":"https:\/\/banto.cc\/revista\/wp-json\/wp\/v2\/comments?post=94"}],"version-history":[{"count":5,"href":"https:\/\/banto.cc\/revista\/wp-json\/wp\/v2\/posts\/94\/revisions"}],"predecessor-version":[{"id":102,"href":"https:\/\/banto.cc\/revista\/wp-json\/wp\/v2\/posts\/94\/revisions\/102"}],"wp:featuredmedia":[{"embeddable":true,"href":"https:\/\/banto.cc\/revista\/wp-json\/wp\/v2\/media\/96"}],"wp:attachment":[{"href":"https:\/\/banto.cc\/revista\/wp-json\/wp\/v2\/media?parent=94"}],"wp:term":[{"taxonomy":"category","embeddable":true,"href":"https:\/\/banto.cc\/revista\/wp-json\/wp\/v2\/categories?post=94"},{"taxonomy":"post_tag","embeddable":true,"href":"https:\/\/banto.cc\/revista\/wp-json\/wp\/v2\/tags?post=94"},{"taxonomy":"banto_cidade","embeddable":true,"href":"https:\/\/banto.cc\/revista\/wp-json\/wp\/v2\/banto_cidade?post=94"}],"curies":[{"name":"wp","href":"https:\/\/api.w.org\/{rel}","templated":true}]}}